{"id":3316,"date":"2021-06-23T20:01:15","date_gmt":"2021-06-23T20:01:15","guid":{"rendered":"https:\/\/bravoizquierdo.cl\/temp\/?p=3316"},"modified":"2021-09-23T20:59:22","modified_gmt":"2021-09-23T20:59:22","slug":"reconocimiento-premio-mujer-construye-2021","status":"publish","type":"post","link":"https:\/\/bravoizquierdo.cl\/temp\/reconocimiento-premio-mujer-construye-2021\/","title":{"rendered":"RECONOCIMIENTO: PREMIO MUJER CONSTRUYE 2021"},"content":{"rendered":"<p>[et_pb_section fb_built=\u00bb1&#8243; _builder_version=\u00bb4.9.2&#8243; _module_preset=\u00bbdefault\u00bb global_colors_info=\u00bb{}\u00bb][et_pb_row _builder_version=\u00bb4.9.2&#8243; _module_preset=\u00bbdefault\u00bb global_colors_info=\u00bb{}\u00bb][et_pb_column type=\u00bb4_4&#8243; _builder_version=\u00bb4.9.2&#8243; _module_preset=\u00bbdefault\u00bb border_width_top=\u00bb2px\u00bb global_colors_info=\u00bb{}\u00bb][\/et_pb_column][\/et_pb_row][et_pb_row _builder_version=\u00bb4.9.2&#8243; _module_preset=\u00bbdefault\u00bb global_colors_info=\u00bb{}\u00bb][et_pb_column type=\u00bb4_4&#8243; _builder_version=\u00bb4.9.2&#8243; _module_preset=\u00bbdefault\u00bb global_colors_info=\u00bb{}\u00bb][et_pb_text _builder_version=\u00bb4.10.8&#8243; _module_preset=\u00bbdefault\u00bb text_font=\u00bbOpen Sans|600|||||||\u00bb hover_enabled=\u00bb0&#8243; global_colors_info=\u00bb{}\u00bb sticky_enabled=\u00bb0&#8243;]<\/p>\n<p><em><strong>En el marco de la \u201cSemana de la Construcci\u00f3n\u201d, Bravo Izquierdo fue part\u00edcipe de la ceremonia del Premio Mujer Construye, donde se premi\u00f3 con el primer lugar a una de sus colaboradoras, Carolina Villarroel, maestra de terminaciones de la Obra Padre Werner, y se reconoci\u00f3 a la empresa por promover la equidad de g\u00e9nero en el sector.<\/strong><\/em><\/p>\n<p>La actividad cont\u00f3 con la participaci\u00f3n de la ministra de la Mujer y Equidad de g\u00e9nero, M\u00f3nica Zalaquett, la presidenta del Grupo de Mujeres de la CChC y la presidenta de la Fundaci\u00f3n ChileMujeres, Francisca Junemann. En ella se celebr\u00f3 la primera edici\u00f3n del premio Mujer Construye 2021, iniciativa que reconoce a las mujeres que han aportado a las buenas pr\u00e1cticas y a fomentar la incorporaci\u00f3n de la mano de obra femenina en la industria de la construcci\u00f3n.<\/p>\n<p>Seg\u00fan el INE, el rubro de la construcci\u00f3n cuenta un 7% de participaci\u00f3n laboral femenina, caracteriz\u00e1ndose como una industria altamente masculinizada. Es por ello que el desaf\u00edo est\u00e1 en promover una mayor inserci\u00f3n y participaci\u00f3n femenina en las empresas del sector.<\/p>\n<p>[\/et_pb_text][et_pb_image src=\u00bbhttps:\/\/bravoizquierdo.cl\/temp\/wp-content\/uploads\/2021\/06\/RECONOCIMIENTO-PREMIO-MUJER-CONSTRUYE-2021-n2.jpg\u00bb title_text=\u00bbRECONOCIMIENTO PREMIO MUJER CONSTRUYE 2021-n2&#8243; _builder_version=\u00bb4.10.8&#8243; _module_preset=\u00bbdefault\u00bb hover_enabled=\u00bb0&#8243; global_colors_info=\u00bb{}\u00bb sticky_enabled=\u00bb0&#8243;][\/et_pb_image][et_pb_text _builder_version=\u00bb4.10.8&#8243; _module_preset=\u00bbdefault\u00bb text_font=\u00bbOpen Sans|600|||||||\u00bb hover_enabled=\u00bb0&#8243; global_colors_info=\u00bb{}\u00bb sticky_enabled=\u00bb0&#8243;]<\/p>\n<p>\u201cLo importante es focalizarnos en un objetivo \u00fanico, compartido, en el que estamos alineando los esfuerzos y este es incorporar m\u00e1s mujeres en un rubro donde hist\u00f3ricamente, por una definici\u00f3n cultural, era altamente masculino, pero que juega un rol important\u00edsimo, sobre todo ahora en la reactivaci\u00f3n de nuestro pa\u00eds y donde necesitamos incorporar cada d\u00eda m\u00e1s mujeres. Esto significa un cambio cultural importante para las empresas y tambi\u00e9n una oferta nueva para las mujeres que quieren explorar en otras \u00e1reas\u201d, manifiesta la ministra de la Mujer y Equidad de g\u00e9nero, M\u00f3nica Zalaquett.<\/p>\n<p>Bravo izquierdo se hizo presente en el evento para la premiaci\u00f3n de Carolina Villarroel, maestra de Terminaciones de la Obra Padre Werner de la constructora, quien obtuvo el primer lugar en la categor\u00eda Mujer en Obra. Este premio destaca a mujeres que se desempe\u00f1en directamente en una obra o centro de trabajo para una empresa del rubro de la construcci\u00f3n, por su trayectoria y aporte. Este reconocimiento refleja el compromiso de Bravo Izquierdo y su b\u00fasqueda por otorgar m\u00e1s protagonismo femenino en el rubro.<\/p>\n<p>\u201cYo me gan\u00e9 este premio gracias a mi trabajo y con esto represento a cada mujer que trabaja en construcci\u00f3n. Me siento orgullosa y muy feliz, me gusta mucho mi trabajo. Este tipo de reconocimiento es algo muy bueno, porque uno siente que valoran el trabajo y esfuerzo, adem\u00e1s sirve como ejemplo y motivaci\u00f3n para mis compa\u00f1eras y muchas otras mujeres que quieren trabajar en este rubro\u201d, expresa Carolina Villarroel.<\/p>\n<p>Es as\u00ed como la industria de la construcci\u00f3n y las empresas comprometidas van en pro de un desarrollo que promueve la equidad de g\u00e9nero en el sector, otorgando m\u00e1s oportunidades a las mujeres trabajadoras, una pieza clave en el sector de la construcci\u00f3n, en especial hoy en pandemia, donde se hace m\u00e1s necesario fortalecer su participaci\u00f3n a la diversidad, productividad y clima.<\/p>\n<p>[\/et_pb_text][\/et_pb_column][\/et_pb_row][\/et_pb_section]<\/p>\n","protected":false},"excerpt":{"rendered":"<p>En el marco de la \u201cSemana de la Construcci\u00f3n\u201d, Bravo Izquierdo fue part\u00edcipe de la ceremonia del Premio Mujer Construye, donde se premi\u00f3 con el primer lugar a una de sus colaboradoras, Carolina Villarroel, maestra de terminaciones de la Obra Padre Werner, y se reconoci\u00f3 a la empresa por promover la equidad de g\u00e9nero en [&hellip;]<\/p>\n","protected":false},"author":2,"featured_media":3319,"comment_status":"open","ping_status":"open","sticky":false,"template":"","format":"standard","meta":{"_et_pb_use_builder":"on","_et_pb_old_content":"","_et_gb_content_width":"793","footnotes":""},"categories":[15],"tags":[],"class_list":["post-3316","post","type-post","status-publish","format-standard","has-post-thumbnail","hentry","category-noticias"],"_links":{"self":[{"href":"https:\/\/bravoizquierdo.cl\/temp\/wp-json\/wp\/v2\/posts\/3316","targetHints":{"allow":["GET"]}}],"collection":[{"href":"https:\/\/bravoizquierdo.cl\/temp\/wp-json\/wp\/v2\/posts"}],"about":[{"href":"https:\/\/bravoizquierdo.cl\/temp\/wp-json\/wp\/v2\/types\/post"}],"author":[{"embeddable":true,"href":"https:\/\/bravoizquierdo.cl\/temp\/wp-json\/wp\/v2\/users\/2"}],"replies":[{"embeddable":true,"href":"https:\/\/bravoizquierdo.cl\/temp\/wp-json\/wp\/v2\/comments?post=3316"}],"version-history":[{"count":3,"href":"https:\/\/bravoizquierdo.cl\/temp\/wp-json\/wp\/v2\/posts\/3316\/revisions"}],"predecessor-version":[{"id":3322,"href":"https:\/\/bravoizquierdo.cl\/temp\/wp-json\/wp\/v2\/posts\/3316\/revisions\/3322"}],"wp:featuredmedia":[{"embeddable":true,"href":"https:\/\/bravoizquierdo.cl\/temp\/wp-json\/wp\/v2\/media\/3319"}],"wp:attachment":[{"href":"https:\/\/bravoizquierdo.cl\/temp\/wp-json\/wp\/v2\/media?parent=3316"}],"wp:term":[{"taxonomy":"category","embeddable":true,"href":"https:\/\/bravoizquierdo.cl\/temp\/wp-json\/wp\/v2\/categories?post=3316"},{"taxonomy":"post_tag","embeddable":true,"href":"https:\/\/bravoizquierdo.cl\/temp\/wp-json\/wp\/v2\/tags?post=3316"}],"curies":[{"name":"wp","href":"https:\/\/api.w.org\/{rel}","templated":true}]}}