{"id":3309,"date":"2021-06-15T16:53:30","date_gmt":"2021-06-15T16:53:30","guid":{"rendered":"https:\/\/bravoizquierdo.cl\/temp\/?p=3309"},"modified":"2021-09-23T20:59:22","modified_gmt":"2021-09-23T20:59:22","slug":"cchc-presento-sello-compromiso-pro-en-obra-connection","status":"publish","type":"post","link":"https:\/\/bravoizquierdo.cl\/temp\/cchc-presento-sello-compromiso-pro-en-obra-connection\/","title":{"rendered":"CChC present\u00f3 Sello Compromiso PRO en obra Connection"},"content":{"rendered":"<p>[et_pb_section fb_built=\u00bb1&#8243; _builder_version=\u00bb4.9.2&#8243; _module_preset=\u00bbdefault\u00bb global_colors_info=\u00bb{}\u00bb][et_pb_row _builder_version=\u00bb4.9.2&#8243; _module_preset=\u00bbdefault\u00bb global_colors_info=\u00bb{}\u00bb][et_pb_column type=\u00bb4_4&#8243; _builder_version=\u00bb4.9.2&#8243; _module_preset=\u00bbdefault\u00bb border_width_top=\u00bb2px\u00bb global_colors_info=\u00bb{}\u00bb][\/et_pb_column][\/et_pb_row][et_pb_row _builder_version=\u00bb4.9.2&#8243; _module_preset=\u00bbdefault\u00bb global_colors_info=\u00bb{}\u00bb][et_pb_column type=\u00bb4_4&#8243; _builder_version=\u00bb4.9.2&#8243; _module_preset=\u00bbdefault\u00bb global_colors_info=\u00bb{}\u00bb][et_pb_text _builder_version=\u00bb4.10.8&#8243; _module_preset=\u00bbdefault\u00bb text_font=\u00bbOpen Sans|600|||||||\u00bb hover_enabled=\u00bb0&#8243; global_colors_info=\u00bb{}\u00bb sticky_enabled=\u00bb0&#8243;]<\/p>\n<p><strong>El 26 de mayo, la C\u00e1mara Chilena de la Construcci\u00f3n llev\u00f3 a cabo el lanzamiento del Sello compromiso PRO en la obra Connection de Bravo Izquierdo, invitando a las empresas del rubro de la construcci\u00f3n a sumarse a este desaf\u00edo.<\/strong><\/p>\n<p>La actividad cont\u00f3 con la participaci\u00f3n del presidente de la C\u00e1mara Chilena de La Construcci\u00f3n, Antonio Err\u00e1zuriz, el ministro del Trabajo, Patricio Melero, subsecretario del Medio Ambiente, Javier Naranjo, gerencia y trabajadores de Bravo Izquierdo. En ella se present\u00f3 el Sello Compromiso PRO, un reconocimiento a aquellas empresas ligadas al mundo de la construcci\u00f3n, que llevan a cabo un proceso de transformaci\u00f3n y desarrollo sostenible.<\/p>\n<p><em>\u201cEste sello es una forma de hacer las cosas que abarca mucho m\u00e1s que el cuidado de las personas, es un compromiso con los trabajadores, vecinos, medio ambiente, entorno, innovaci\u00f3n y productividad\u201d<\/em>, explica el presidente de la C\u00e1mara Chilena de la Construcci\u00f3n, Antonio Err\u00e1zuriz, quien adem\u00e1s invit\u00f3 a todas las empresas socias de la CChC a transitar hacia este desaf\u00edo y certificar su compromiso con cada uno de los pilares mencionados.<\/p>\n<p><em>\u201cLas obras p\u00fablicas no pueden darle la espalda al medio ambiente, sin armon\u00eda con sus vecinos y mucho menos sin respetar los derechos del los trabajadores. Esto genera un c\u00edrculo virtuoso, que va en la direcci\u00f3n de generar m\u00e1s, mejores y buenos empleos y llevar adelante iniciativas de construcci\u00f3n que permitan el crecimiento del pa\u00eds en armon\u00eda con los trabajadores, el medio ambiente y el entorno\u201d<\/em>, destaca el ministro del Trabajo, Patricio Melero.<\/p>\n<p>Bravo Izquierdo se convirti\u00f3 en una de las primeras empresas del rubro que cuentan con el sello gracias a su compromiso sanitario, social, y por adoptar pr\u00e1cticas que contribuyen con el desarrollo sostenible, abordando diferentes dimensiones como: trabajadores directos y subcontratados, comunidad, medio ambiente, seguridad y salud laboral, proveedores y clientes.<\/p>\n<p>[\/et_pb_text][et_pb_image src=\u00bbhttps:\/\/bravoizquierdo.cl\/temp\/wp-content\/uploads\/2021\/09\/CChC-presento-Sello-Compromiso-PRO-en-obra-Connection-n2.jpg\u00bb _builder_version=\u00bb4.10.8&#8243; _module_preset=\u00bbdefault\u00bb title_text=\u00bbCChC present\u00f3 Sello Compromiso PRO en obra Connection-n2&#8243; hover_enabled=\u00bb0&#8243; sticky_enabled=\u00bb0&#8243;][\/et_pb_image][et_pb_text _builder_version=\u00bb4.10.8&#8243; _module_preset=\u00bbdefault\u00bb text_font=\u00bbOpen Sans|600|||||||\u00bb hover_enabled=\u00bb0&#8243; global_colors_info=\u00bb{}\u00bb sticky_enabled=\u00bb0&#8243;]<\/p>\n<p>El gerente general de Bravo Izquierdo, Luis Bravo Herreros destac\u00f3 a los trabajadores como uno de los factores m\u00e1s fundamentales para el desarrollo sostenible. <em>\u201cPara nosotros, los trabajadores, uno de los pilares fundamentales de la sostenibilidad, son los m\u00e1s importante y es por ello que desarrollamos un plan de asistencia social muy potente, en el que nos preocupamos de la nivelaci\u00f3n escolar, accesos a la vivienda, seguridad en el trabajo y en el hogar. Si esto no fuera un compromiso de todos, no habr\u00eda sido posible\u201d<\/em>.<\/p>\n<p>Es as\u00ed como la industria de la construcci\u00f3n va en camino a un proceso de transformaci\u00f3n y desarrollo sostenible, incorporando la preocupaci\u00f3n por la comunidad, el medio ambiente y los trabajadores.<\/p>\n<p>[\/et_pb_text][\/et_pb_column][\/et_pb_row][\/et_pb_section]<\/p>\n","protected":false},"excerpt":{"rendered":"<p>El 26 de mayo, la C\u00e1mara Chilena de la Construcci\u00f3n llev\u00f3 a cabo el lanzamiento del Sello compromiso PRO en la obra Connection de Bravo Izquierdo, invitando a las empresas del rubro de la construcci\u00f3n a sumarse a este desaf\u00edo. La actividad cont\u00f3 con la participaci\u00f3n del presidente de la C\u00e1mara Chilena de La Construcci\u00f3n, [&hellip;]<\/p>\n","protected":false},"author":2,"featured_media":3311,"comment_status":"open","ping_status":"open","sticky":false,"template":"","format":"standard","meta":{"_et_pb_use_builder":"on","_et_pb_old_content":"","_et_gb_content_width":"793","footnotes":""},"categories":[15],"tags":[],"class_list":["post-3309","post","type-post","status-publish","format-standard","has-post-thumbnail","hentry","category-noticias"],"_links":{"self":[{"href":"https:\/\/bravoizquierdo.cl\/temp\/wp-json\/wp\/v2\/posts\/3309","targetHints":{"allow":["GET"]}}],"collection":[{"href":"https:\/\/bravoizquierdo.cl\/temp\/wp-json\/wp\/v2\/posts"}],"about":[{"href":"https:\/\/bravoizquierdo.cl\/temp\/wp-json\/wp\/v2\/types\/post"}],"author":[{"embeddable":true,"href":"https:\/\/bravoizquierdo.cl\/temp\/wp-json\/wp\/v2\/users\/2"}],"replies":[{"embeddable":true,"href":"https:\/\/bravoizquierdo.cl\/temp\/wp-json\/wp\/v2\/comments?post=3309"}],"version-history":[{"count":2,"href":"https:\/\/bravoizquierdo.cl\/temp\/wp-json\/wp\/v2\/posts\/3309\/revisions"}],"predecessor-version":[{"id":3314,"href":"https:\/\/bravoizquierdo.cl\/temp\/wp-json\/wp\/v2\/posts\/3309\/revisions\/3314"}],"wp:featuredmedia":[{"embeddable":true,"href":"https:\/\/bravoizquierdo.cl\/temp\/wp-json\/wp\/v2\/media\/3311"}],"wp:attachment":[{"href":"https:\/\/bravoizquierdo.cl\/temp\/wp-json\/wp\/v2\/media?parent=3309"}],"wp:term":[{"taxonomy":"category","embeddable":true,"href":"https:\/\/bravoizquierdo.cl\/temp\/wp-json\/wp\/v2\/categories?post=3309"},{"taxonomy":"post_tag","embeddable":true,"href":"https:\/\/bravoizquierdo.cl\/temp\/wp-json\/wp\/v2\/tags?post=3309"}],"curies":[{"name":"wp","href":"https:\/\/api.w.org\/{rel}","templated":true}]}}