{"id":1201,"date":"2021-02-13T23:56:42","date_gmt":"2021-02-13T23:56:42","guid":{"rendered":"https:\/\/bravoizquierdo.cl\/temp\/?p=1201"},"modified":"2021-09-23T20:59:22","modified_gmt":"2021-09-23T20:59:22","slug":"bravo-izquierdo-incorpora-maquinaria-de-ultima-generacion-con-la-maxima-eficiencia-y-calidad-ofrecida-por-el-mercado","status":"publish","type":"post","link":"https:\/\/bravoizquierdo.cl\/temp\/bravo-izquierdo-incorpora-maquinaria-de-ultima-generacion-con-la-maxima-eficiencia-y-calidad-ofrecida-por-el-mercado\/","title":{"rendered":"BRAVO IZQUIERDO INCORPORA MAQUINARIA DE \u00daLTIMA GENERACI\u00d3N CON LA M\u00c1XIMA EFICIENCIA Y CALIDAD OFRECIDA POR EL MERCADO"},"content":{"rendered":"<p>[et_pb_section fb_built=\u00bb1&#8243; _builder_version=\u00bb4.9.2&#8243; _module_preset=\u00bbdefault\u00bb][et_pb_row _builder_version=\u00bb4.9.2&#8243; _module_preset=\u00bbdefault\u00bb][et_pb_column type=\u00bb4_4&#8243; _builder_version=\u00bb4.9.2&#8243; _module_preset=\u00bbdefault\u00bb border_width_top=\u00bb2px\u00bb][\/et_pb_column][\/et_pb_row][et_pb_row _builder_version=\u00bb4.9.2&#8243; _module_preset=\u00bbdefault\u00bb][et_pb_column type=\u00bb4_4&#8243; _builder_version=\u00bb4.9.2&#8243; _module_preset=\u00bbdefault\u00bb][et_pb_text _builder_version=\u00bb4.9.2&#8243; _module_preset=\u00bbdefault\u00bb text_font=\u00bbOpen Sans|600|||||||\u00bb]<\/p>\n<p><span style=\"color: #333333;\">El 22 de enero 21\u00b4 a trav\u00e9s de una exitosa operaci\u00f3n de montaje, el equipo liderado por el Gerente de Operaciones, Francisco Costabal, y el Gerente de Maquinarias, Jos\u00e9 Ignacio Toro; instal\u00f3 la nueva y tecnol\u00f3gica gr\u00faa torre Liebherr EC-B adquirida por la compa\u00f1\u00eda, en el proyecto Edificio CU, cuyo mandante es Inmobiliaria Bravo Izquierdo junto a BRICSA.<\/span><\/p>\n<p><span style=\"color: #333333;\">En el compromiso con la innovaci\u00f3n tecnol\u00f3gica, medio ambiental y la mejora continua de los procesos; la Constructora incorpora nueva maquinaria, con tecnolog\u00eda de \u00faltima generaci\u00f3n. Esta destaca por ejecutar las tareas de manera m\u00e1s eficaz, econ\u00f3mica y segura.<\/span><\/p>\n<p><span style=\"color: #333333;\">\u201cLa decisi\u00f3n de invertir en un equipo como este, es una se\u00f1al muy positiva y potente. Demuestra el crecimiento y la proyecci\u00f3n de desarrollo sostenible que planifica Bravo Izquierdo a futuro\u201d, manifiesta Jos\u00e9 Ignacio Toro, Gerente Equipos, Maquinarias y Log\u00edstica de Bravo Izquierdo.<\/span><\/p>\n<p><span style=\"color: #333333;\">La nueva gr\u00faa Liebherr de la serie EC-B , modelo 85 EC-B 5 FR Tronic, ofrece soluciones eficientes y avanzadas en el \u00e1mbito de transporte, montaje, potencia de manipulaci\u00f3n y seguridad; gracias a sus sistemas integrales e inteligentes, dise\u00f1ados para cumplir los requisitos de las obras de construcci\u00f3n m\u00e1s modernas, y de acuerdo est\u00e1ndares internacionales.<\/span><\/p>\n<p><span style=\"color: #333333;\">Esta nueva inversi\u00f3n no solo refleja el crecimiento corporativo de Bravo Izquierdo, sino tambi\u00e9n, remarca el compromiso con la sostenibilidad de las operaciones, al incorporar tecnolog\u00edas que permiten eficientizar la utilizaci\u00f3n de recursos t\u00e9cnicos, mejorar el consumo energ\u00e9tico, apuntar al decrecimiento de las emisiones contaminantes, mejorar la seguridad en los procesos y facilitar sus ciclos de mantenci\u00f3n a trav\u00e9s de la inclusi\u00f3n de est\u00e1ndares europeos de funcionamiento.<\/span><\/p>\n<p><span style=\"color: #333333;\">Disponer de mayor dotaci\u00f3n de gr\u00faas, para su mejor distribuci\u00f3n y adecuaci\u00f3n t\u00e9cnica, seg\u00fan los requerimientos de los clientes; disminuir la cantidad de camiones para el transporte, disminuir el consumo de energ\u00eda el\u00e9ctrica en las obras, mejorar la estabilidad y seguridad operacional, incrementar la solidez estructural y disminuir la edad promedio de los equipos; son algunas de las ventajas que presenta la adquisici\u00f3n de este modelo para la Constructora. \u201cNosotros contamos con gr\u00faas de excelente calidad y esta nueva tecnolog\u00eda mejora las capacidades de un equipo tradicional. Es m\u00e1s suave, econ\u00f3mica y r\u00e1pida\u201d, explica el gerente de GEML.<\/span><\/p>\n<p><span style=\"color: #333333;\">La modernizaci\u00f3n e incorporaci\u00f3n de nuevos equipos y maquinarias, permitir\u00e1 generar un impacto positivo en la productividad e impactar\u00e1 en la calidad del servicio de construcci\u00f3n, adhiriendo a la larga historia de confiabilidad de la marca Bravo Izquierdo, y asegurando un promisorio futuro junto a los Equipos de Obras.<\/span><\/p>\n<p>[\/et_pb_text][\/et_pb_column][\/et_pb_row][et_pb_row _builder_version=\u00bb4.9.2&#8243; _module_preset=\u00bbdefault\u00bb][et_pb_column type=\u00bb4_4&#8243; _builder_version=\u00bb4.9.2&#8243; _module_preset=\u00bbdefault\u00bb][et_pb_image src=\u00bbhttps:\/\/bravoizquierdo.cl\/temp\/wp-content\/uploads\/2021\/04\/noticia7.2.jpg\u00bb title_text=\u00bbnoticia7.2&#8243; _builder_version=\u00bb4.9.2&#8243; _module_preset=\u00bbdefault\u00bb][\/et_pb_image][\/et_pb_column][\/et_pb_row][et_pb_row _builder_version=\u00bb4.9.2&#8243; _module_preset=\u00bbdefault\u00bb][et_pb_column type=\u00bb4_4&#8243; _builder_version=\u00bb4.9.2&#8243; _module_preset=\u00bbdefault\u00bb][et_pb_text _builder_version=\u00bb4.9.2&#8243; _module_preset=\u00bbdefault\u00bb text_font=\u00bbOpen Sans|300|||||||\u00bb custom_margin=\u00bb-17px|||||\u00bb]<\/p>\n<p style=\"text-align: center;\"><span style=\"color: #333333;\">Proceso de montaje gr\u00faa torre Liebherr EC-B en el proyecto Edificio CU. Fotograf\u00eda gentileza Nicol\u00e1s Arenas, Gerente de Gesti\u00f3n y Sostenibilidad, Constructora Bravo Izquierdo.<\/span><\/p>\n<p>[\/et_pb_text][\/et_pb_column][\/et_pb_row][\/et_pb_section]<\/p>\n","protected":false},"excerpt":{"rendered":"<p>El 22 de enero 21\u00b4 a trav\u00e9s de una exitosa operaci\u00f3n de montaje, el equipo liderado por el Gerente de Operaciones, Francisco Costabal, y el Gerente de Maquinarias, Jos\u00e9 Ignacio Toro; instal\u00f3 la nueva y tecnol\u00f3gica gr\u00faa torre Liebherr EC-B adquirida por la compa\u00f1\u00eda, en el proyecto Edificio CU, cuyo mandante es Inmobiliaria Bravo Izquierdo [&hellip;]<\/p>\n","protected":false},"author":2,"featured_media":1202,"comment_status":"open","ping_status":"open","sticky":false,"template":"","format":"standard","meta":{"_et_pb_use_builder":"on","_et_pb_old_content":"","_et_gb_content_width":"","footnotes":""},"categories":[15],"tags":[],"class_list":["post-1201","post","type-post","status-publish","format-standard","has-post-thumbnail","hentry","category-noticias"],"_links":{"self":[{"href":"https:\/\/bravoizquierdo.cl\/temp\/wp-json\/wp\/v2\/posts\/1201","targetHints":{"allow":["GET"]}}],"collection":[{"href":"https:\/\/bravoizquierdo.cl\/temp\/wp-json\/wp\/v2\/posts"}],"about":[{"href":"https:\/\/bravoizquierdo.cl\/temp\/wp-json\/wp\/v2\/types\/post"}],"author":[{"embeddable":true,"href":"https:\/\/bravoizquierdo.cl\/temp\/wp-json\/wp\/v2\/users\/2"}],"replies":[{"embeddable":true,"href":"https:\/\/bravoizquierdo.cl\/temp\/wp-json\/wp\/v2\/comments?post=1201"}],"version-history":[{"count":4,"href":"https:\/\/bravoizquierdo.cl\/temp\/wp-json\/wp\/v2\/posts\/1201\/revisions"}],"predecessor-version":[{"id":2036,"href":"https:\/\/bravoizquierdo.cl\/temp\/wp-json\/wp\/v2\/posts\/1201\/revisions\/2036"}],"wp:featuredmedia":[{"embeddable":true,"href":"https:\/\/bravoizquierdo.cl\/temp\/wp-json\/wp\/v2\/media\/1202"}],"wp:attachment":[{"href":"https:\/\/bravoizquierdo.cl\/temp\/wp-json\/wp\/v2\/media?parent=1201"}],"wp:term":[{"taxonomy":"category","embeddable":true,"href":"https:\/\/bravoizquierdo.cl\/temp\/wp-json\/wp\/v2\/categories?post=1201"},{"taxonomy":"post_tag","embeddable":true,"href":"https:\/\/bravoizquierdo.cl\/temp\/wp-json\/wp\/v2\/tags?post=1201"}],"curies":[{"name":"wp","href":"https:\/\/api.w.org\/{rel}","templated":true}]}}