{"id":1174,"date":"2021-03-24T23:35:15","date_gmt":"2021-03-24T23:35:15","guid":{"rendered":"https:\/\/bravoizquierdo.cl\/temp\/?p=1174"},"modified":"2021-09-23T20:59:22","modified_gmt":"2021-09-23T20:59:22","slug":"cchc-reconoce-a-bravo-izquierdo-con-sello-de-excelencia-empresarial-compromiso-pro","status":"publish","type":"post","link":"https:\/\/bravoizquierdo.cl\/temp\/cchc-reconoce-a-bravo-izquierdo-con-sello-de-excelencia-empresarial-compromiso-pro\/","title":{"rendered":"CCHC RECONOCE A BRAVO IZQUIERDO CON SELLO DE EXCELENCIA EMPRESARIAL COMPROMISO PRO"},"content":{"rendered":"\n\n[et_pb_section fb_built=\u00bb1&#8243; _builder_version=\u00bb4.9.2&#8243; _module_preset=\u00bbdefault\u00bb][et_pb_row _builder_version=\u00bb4.9.2&#8243; _module_preset=\u00bbdefault\u00bb][et_pb_column type=\u00bb4_4&#8243; _builder_version=\u00bb4.9.2&#8243; _module_preset=\u00bbdefault\u00bb border_width_top=\u00bb2px\u00bb][\/et_pb_column][\/et_pb_row][et_pb_row _builder_version=\u00bb4.9.2&#8243; _module_preset=\u00bbdefault\u00bb][et_pb_column type=\u00bb4_4&#8243; _builder_version=\u00bb4.9.2&#8243; _module_preset=\u00bbdefault\u00bb][et_pb_text _builder_version=\u00bb4.9.2&#8243; _module_preset=\u00bbdefault\u00bb text_font=\u00bbOpen Sans|600|||||||\u00bb hover_enabled=\u00bb0&#8243; sticky_enabled=\u00bb0&#8243;]<p><span style=\"color: #333333;\">Una ceremonia de reconocimiento por la obtenci\u00f3n del sello Compromiso Pro, se llev\u00f3 a cabo el pasado martes 23 de marzo de 2021, en la obra del Edificio Connection. En la actividad participaron miembros de la Constructora e Inmobiliaria Bravo Izquierdo, el presidente de la C\u00e1mara Chilena de la Construcci\u00f3n, Antonio Err\u00e1zuriz; y la Gerencia de Desarrollo Empresarial Sostenible CChC.<\/span><\/p>\n<p><span style=\"color: #333333;\">Reconocer a aquellas empresas ligadas al mundo de la construcci\u00f3n, que llevan a cabo un proceso de transformaci\u00f3n y desarrollo sostenible, es el objetivo del sello Constructores Comprometidos, lanzado por la CChC en 2019. Esta iniciativa ha permitido establecer compromisos sanitarios, sociales y compartir las buenas pr\u00e1cticas implementadas en nuestra industria.<\/span><\/p>[\/et_pb_text][\/et_pb_column][\/et_pb_row][et_pb_row _builder_version=\u00bb4.9.2&#8243; _module_preset=\u00bbdefault\u00bb][et_pb_column type=\u00bb4_4&#8243; _builder_version=\u00bb4.9.2&#8243; _module_preset=\u00bbdefault\u00bb][et_pb_image src=\u00bbhttps:\/\/bravoizquierdo.cl\/temp\/wp-content\/uploads\/2021\/04\/noticia4.2.jpg\u00bb title_text=\u00bbnoticia4.2&#8243; _builder_version=\u00bb4.9.2&#8243; _module_preset=\u00bbdefault\u00bb][\/et_pb_image][\/et_pb_column][\/et_pb_row][et_pb_row _builder_version=\u00bb4.9.2&#8243; _module_preset=\u00bbdefault\u00bb][et_pb_column type=\u00bb4_4&#8243; _builder_version=\u00bb4.9.2&#8243; _module_preset=\u00bbdefault\u00bb][et_pb_text _builder_version=\u00bb4.9.2&#8243; _module_preset=\u00bbdefault\u00bb text_font=\u00bbOpen Sans|300|||||||\u00bb custom_margin=\u00bb-19px|||||\u00bb hover_enabled=\u00bb0&#8243; sticky_enabled=\u00bb0&#8243;]<p style=\"text-align: center;\"><span style=\"color: #333333;\">Mar\u00eda Jos\u00e9 Zubieta, Supervisora SGC Bravo Izquierdo\/ Nicol\u00e1s Arenas, Gerente de Gesti\u00f3n y Sostenibilidad Bravo Izquierdo\/ Raimundo Bravo Herreros, Coordinador de Gesti\u00f3n y Comunicaciones Bravo Izquierdo \/ Jaime Eyzaguirre, Gerente General Inmobiliaria Bravo Izquierdo\/ Pedro Izquierdo, Gerente de Nuevos Negocios Bravo Izquierdo<\/span><\/p>[\/et_pb_text][\/et_pb_column][\/et_pb_row][et_pb_row _builder_version=\u00bb4.9.2&#8243; _module_preset=\u00bbdefault\u00bb][et_pb_column type=\u00bb4_4&#8243; _builder_version=\u00bb4.9.2&#8243; _module_preset=\u00bbdefault\u00bb][et_pb_text _builder_version=\u00bb4.9.2&#8243; _module_preset=\u00bbdefault\u00bb text_font=\u00bbOpen Sans|600|||||||\u00bb hover_enabled=\u00bb0&#8243; sticky_enabled=\u00bb0&#8243;]<p><span style=\"color: #333333;\">Este a\u00f1o, Bravo Izquierdo logr\u00f3 este sello por el compromiso con el desarrollo sostenible, concepto cada vez m\u00e1s presente y necesario en el rubro de la construcci\u00f3n.<\/span><\/p>\n<p><span style=\"color: #333333;\">Cabe mencionar que las dimensiones abordadas por el compromiso son 5:<\/span><\/p>\n<p><span style=\"color: #333333;\">&#8211; Trabajadores directos y subcontratados<\/span><br \/><span style=\"color: #333333;\">&#8211; Comunidad<\/span><br \/><span style=\"color: #333333;\">&#8211; Medio Ambiente<\/span><br \/><span style=\"color: #333333;\">&#8211; Seguridad y Salud Laboral<\/span><br \/><span style=\"color: #333333;\">&#8211; Proveedores y Clientes<\/span><\/p>\n<p><span style=\"color: #333333;\">El Proyecto Connection obtuvo el m\u00e1ximo reconocimiento (equivalente a 5 estrellas) para cada par\u00e1metro medido de un total de 16 conductas evaluadas, de las 5 dimensiones mencionadas, lo que equivale a un cumplimiento de 100%. La puntuaci\u00f3n de 5 estrellas define lo evaluado como \u201cnivel de excelencia, que muestra avance relevante en la sostenibilidad de cada \u00e1mbito, adquiriendo pr\u00e1cticas que responden a nuevas tendencias y superan el est\u00e1ndar conocido del Benchmarck\u201d, se\u00f1ala el informe de Certificaci\u00f3n.<\/span><\/p>\n<p><span style=\"color: #333333;\">En la ceremonia estuvo presente el equipo de Sostenibilidad de Bravo Izquierdo, los miembros de la Gerencia de Desarrollo Empresarial Sostenible de la CChC, Paulina Concha, Soledad Santelices y Consuelo Pe\u00f1aloza; y el presidente de la CChC, Antonio Err\u00e1zuriz, quien destac\u00f3 la importancia del compromiso social y medio ambiental en los procesos de nuestra compa\u00f1\u00eda.<\/span><\/p>[\/et_pb_text][\/et_pb_column][\/et_pb_row][et_pb_row _builder_version=\u00bb4.9.2&#8243; _module_preset=\u00bbdefault\u00bb][et_pb_column type=\u00bb4_4&#8243; _builder_version=\u00bb4.9.2&#8243; _module_preset=\u00bbdefault\u00bb][et_pb_image src=\u00bbhttps:\/\/bravoizquierdo.cl\/temp\/wp-content\/uploads\/2021\/04\/noticia4.3.jpg\u00bb title_text=\u00bbnoticia4.3&#8243; _builder_version=\u00bb4.9.2&#8243; _module_preset=\u00bbdefault\u00bb][\/et_pb_image][et_pb_text _builder_version=\u00bb4.9.2&#8243; _module_preset=\u00bbdefault\u00bb text_font=\u00bbOpen Sans|300|||||||\u00bb custom_margin=\u00bb-17px|||||\u00bb]<p style=\"text-align: center;\"><span style=\"color: #333333;\">Nicol\u00e1s Arenas, Gerente de Gesti\u00f3n y Sostenibilidad Bravo Izquierdo\/ Antonio Err\u00e1zuriz, Presidente CChC\/ Mar\u00eda Jos\u00e9 Zubieta, Supervisora Sistema Gesti\u00f3n de Calidad (SGC) Bravo Izquierdo \/Consuelo Pe\u00f1aloza Jefa de Desarrollo Empresarial Sostenible CChC \/ Paulina Concha Gerenta Desarrollo Empresarial Sostenible CChC\/ Raimundo Bravo Herreros, Coordinador de Gesti\u00f3n y Comunicaciones Bravo Izquierdo.<\/span><\/p>[\/et_pb_text][et_pb_text _builder_version=\u00bb4.9.2&#8243; _module_preset=\u00bbdefault\u00bb text_font=\u00bbOpen Sans|600|||||||\u00bb hover_enabled=\u00bb0&#8243; sticky_enabled=\u00bb0&#8243;]<p><span style=\"color: #333333;\"><em>\u201cQuiero agradecer y felicitar al equipo de Bravo Izquierdo por todo lo que est\u00e1 haciendo. Este es un desaf\u00edo complejo, que abarca muchas \u00e1reas, un compromiso PRO que va m\u00e1s all\u00e1 de la seguridad y que requiere una mayor preocupaci\u00f3n y compromiso con los trabajadores, con la comunidad y el medio ambiente; teniendo en cuenta que pertenecemos a una de las industrias que generan m\u00e1s residuos en el mundo\u201d, manifiesta Antonio.<\/em><\/span><\/p>\n<p><span style=\"color: #333333;\">El Edificio Connection fue reconocido como un proyecto moderno e innovador, que refleja el desarrollo corporativo de Bravo Izquierdo y el compromiso con los aspectos sociales, medio ambientales y econ\u00f3micos que justifican este galard\u00f3n.\u00a0<em>\u201cEsta obra es nuestro punto de partida para cimentar un desarrollo empresarial sostenible, que nos permita recorrer este camino de la mano de nuestras comunidades, autoridades, trabajadores, proveedores, clientes y socios de la industria. Este resultado, es producto del trabajo mancomunado de todas las \u00e1reas de la compa\u00f1\u00eda, sobre todo en cuanto a los aspectos sociales\u201d<\/em>, manifiesta el Gerente de Gesti\u00f3n y Sostenibilidad de Bravo Izquierdo, Nicol\u00e1s Arenas.<\/span><\/p>[\/et_pb_text][\/et_pb_column][\/et_pb_row][et_pb_row _builder_version=\u00bb4.9.2&#8243; _module_preset=\u00bbdefault\u00bb][et_pb_column type=\u00bb4_4&#8243; _builder_version=\u00bb4.9.2&#8243; _module_preset=\u00bbdefault\u00bb][et_pb_image src=\u00bbhttps:\/\/bravoizquierdo.cl\/temp\/wp-content\/uploads\/2021\/04\/noticia4.4.jpg\u00bb title_text=\u00bbnoticia4.4&#8243; _builder_version=\u00bb4.9.2&#8243; _module_preset=\u00bbdefault\u00bb][\/et_pb_image][et_pb_text _builder_version=\u00bb4.9.2&#8243; _module_preset=\u00bbdefault\u00bb text_font=\u00bbOpen Sans|300|||||||\u00bb custom_margin=\u00bb-17px|||||\u00bb]<p style=\"text-align: center;\"><span style=\"color: #333333;\">Alejandro Sep\u00falveda, Jefe Terreno Edificio Connection\/ Ricardo Torrealba, Administrador de obra Edificio Connection\/<\/span><br \/><span style=\"color: #333333;\">Nicol\u00e1s del Campo, Gerente Proyectos EPC e Inmobiliarios en Empresa Constructora Bravo Izquierdo &#8211; Obra Edificio Connection<\/span><\/p>[\/et_pb_text][et_pb_text _builder_version=\u00bb4.9.2&#8243; _module_preset=\u00bbdefault\u00bb text_font=\u00bbOpen Sans|600|||||||\u00bb]<div class=\"entry\">\n<p><span style=\"color: #333333;\">Este reconocimiento demuestra la excelencia en los resultados de Bravo Izquierdo, y el trabajo en equipo en pos de satisfacer las necesidades de las generaciones presentes, sin comprometer las posibilidades de las generaciones futuras.<\/span><\/p>\n<\/div>\n<div class=\"share text-center p-2 mt-5 mb-5\"><\/div>[\/et_pb_text][\/et_pb_column][\/et_pb_row][\/et_pb_section]\n\n","protected":false},"excerpt":{"rendered":"<p>Una ceremonia de reconocimiento por la obtenci\u00f3n del sello Compromiso Pro, se llev\u00f3 a cabo el pasado martes 23 de marzo de 2021, en la obra del Edificio Connection. En la actividad participaron miembros de la Constructora e Inmobiliaria Bravo Izquierdo, el presidente de la C\u00e1mara Chilena de la Construcci\u00f3n, Antonio Err\u00e1zuriz; y la Gerencia [&hellip;]<\/p>\n","protected":false},"author":2,"featured_media":1175,"comment_status":"open","ping_status":"open","sticky":false,"template":"","format":"standard","meta":{"_et_pb_use_builder":"on","_et_pb_old_content":"","_et_gb_content_width":"793","footnotes":""},"categories":[15],"tags":[],"class_list":["post-1174","post","type-post","status-publish","format-standard","has-post-thumbnail","hentry","category-noticias"],"_links":{"self":[{"href":"https:\/\/bravoizquierdo.cl\/temp\/wp-json\/wp\/v2\/posts\/1174","targetHints":{"allow":["GET"]}}],"collection":[{"href":"https:\/\/bravoizquierdo.cl\/temp\/wp-json\/wp\/v2\/posts"}],"about":[{"href":"https:\/\/bravoizquierdo.cl\/temp\/wp-json\/wp\/v2\/types\/post"}],"author":[{"embeddable":true,"href":"https:\/\/bravoizquierdo.cl\/temp\/wp-json\/wp\/v2\/users\/2"}],"replies":[{"embeddable":true,"href":"https:\/\/bravoizquierdo.cl\/temp\/wp-json\/wp\/v2\/comments?post=1174"}],"version-history":[{"count":6,"href":"https:\/\/bravoizquierdo.cl\/temp\/wp-json\/wp\/v2\/posts\/1174\/revisions"}],"predecessor-version":[{"id":2725,"href":"https:\/\/bravoizquierdo.cl\/temp\/wp-json\/wp\/v2\/posts\/1174\/revisions\/2725"}],"wp:featuredmedia":[{"embeddable":true,"href":"https:\/\/bravoizquierdo.cl\/temp\/wp-json\/wp\/v2\/media\/1175"}],"wp:attachment":[{"href":"https:\/\/bravoizquierdo.cl\/temp\/wp-json\/wp\/v2\/media?parent=1174"}],"wp:term":[{"taxonomy":"category","embeddable":true,"href":"https:\/\/bravoizquierdo.cl\/temp\/wp-json\/wp\/v2\/categories?post=1174"},{"taxonomy":"post_tag","embeddable":true,"href":"https:\/\/bravoizquierdo.cl\/temp\/wp-json\/wp\/v2\/tags?post=1174"}],"curies":[{"name":"wp","href":"https:\/\/api.w.org\/{rel}","templated":true}]}}