{"id":1147,"date":"2020-06-12T23:00:31","date_gmt":"2020-06-12T23:00:31","guid":{"rendered":"https:\/\/bravoizquierdo.cl\/temp\/?p=1147"},"modified":"2021-09-23T20:59:22","modified_gmt":"2021-09-23T20:59:22","slug":"la-seguridad-en-obras-el-plan-de-bravo-izquierdo-para-mitigar-el-covid","status":"publish","type":"post","link":"https:\/\/bravoizquierdo.cl\/temp\/la-seguridad-en-obras-el-plan-de-bravo-izquierdo-para-mitigar-el-covid\/","title":{"rendered":"La seguridad en obras: el plan de Bravo Izquierdo para mitigar el Covid"},"content":{"rendered":"\n[et_pb_section fb_built=\u00bb1&#8243; _builder_version=\u00bb4.9.2&#8243; _module_preset=\u00bbdefault\u00bb][et_pb_row _builder_version=\u00bb4.9.2&#8243; _module_preset=\u00bbdefault\u00bb][et_pb_column type=\u00bb4_4&#8243; _builder_version=\u00bb4.9.2&#8243; _module_preset=\u00bbdefault\u00bb][et_pb_text _builder_version=\u00bb4.9.2&#8243; _module_preset=\u00bbdefault\u00bb text_font=\u00bbOpen Sans|600|||||||\u00bb text_font_size=\u00bb20px\u00bb custom_margin=\u00bb||30px|||\u00bb]<p style=\"text-align: center;\"><span style=\"color: #333333;\"><strong>La seguridad en obras: el plan de Bravo Izquierdo para mitigar el Covid<\/strong><\/span><\/p>[\/et_pb_text][\/et_pb_column][\/et_pb_row][et_pb_row _builder_version=\u00bb4.9.2&#8243; _module_preset=\u00bbdefault\u00bb custom_margin=\u00bb-11px|auto|-30px|auto||\u00bb][et_pb_column type=\u00bb4_4&#8243; _builder_version=\u00bb4.9.2&#8243; _module_preset=\u00bbdefault\u00bb border_width_top=\u00bb2px\u00bb][\/et_pb_column][\/et_pb_row][et_pb_row _builder_version=\u00bb4.9.2&#8243; _module_preset=\u00bbdefault\u00bb][et_pb_column type=\u00bb4_4&#8243; _builder_version=\u00bb4.9.2&#8243; _module_preset=\u00bbdefault\u00bb][et_pb_text _builder_version=\u00bb4.9.2&#8243; _module_preset=\u00bbdefault\u00bb text_font=\u00bbOpen Sans|600|||||||\u00bb custom_margin=\u00bb10px|||||\u00bb]<p style=\"text-align: left;\">\n<p class=\"entry\" style=\"text-align: left;\"><span style=\"color: #333333;\">Todos los lugares de trabajo hoy requieren de un grado de seguridad adicional debido a la pandemia que desde marzo de este a\u00f1o ha estado presente en nuestro pa\u00eds, y esto cobra especial relevancia en las obras, ya que es un rubro que se mantuvo casi totalmente paralizado. Por ello, Bravo Izquierdo se prepar\u00f3 para enfrentar este nuevo retorno de manera de proteger a sus trabajadores, transform\u00e1ndose en un verdadero referente en el rubro, por las excelentes medidas adoptadas.<\/span><\/p>\n<p class=\"entry\" style=\"text-align: left;\"><span style=\"color: #333333;\"><\/span><\/p>\n<div class=\"entry\" style=\"text-align: left;\"><span style=\"color: #333333;\">La prevenci\u00f3n de riesgos es un \u00e1rea que ha sufrido una vor\u00e1gine de informaci\u00f3n y acci\u00f3n a ra\u00edz del Covid-19. Al tratarse de un \u201cenemigo invisible\u201d, contagioso, e incluso, letal, las medidas preventivas han debido extremarse. Y as\u00ed lo ha entendido Bravo Izquierdo, que ha sido capaz, no s\u00f3lo de crear protocolos eficientes para el retorno a las obras, sino que tambi\u00e9n es actualmente un referente para muchas empresas de la construcci\u00f3n, que han visto en sus acciones, los lineamientos adecuados para lograr un retorno seguro a las faenas.<\/span><\/div>[\/et_pb_text][\/et_pb_column][\/et_pb_row][et_pb_row _builder_version=\u00bb4.9.2&#8243; _module_preset=\u00bbdefault\u00bb][et_pb_column type=\u00bb4_4&#8243; _builder_version=\u00bb4.9.2&#8243; _module_preset=\u00bbdefault\u00bb][et_pb_image src=\u00bbhttps:\/\/bravoizquierdo.cl\/temp\/wp-content\/uploads\/2021\/04\/noticia1.2.jpg\u00bb title_text=\u00bbnoticia1.2&#8243; _builder_version=\u00bb4.9.2&#8243; _module_preset=\u00bbdefault\u00bb][\/et_pb_image][et_pb_text _builder_version=\u00bb4.9.2&#8243; _module_preset=\u00bbdefault\u00bb text_font=\u00bbOpen Sans|300|||||||\u00bb custom_margin=\u00bb-17px|||||\u00bb]<p style=\"text-align: center;\"><span style=\"color: #333333;\">Nelson Torres &#8211; Jefe de Prevenci\u00f3n de Riesgos &#8211; Constructora Bravo izquierdo<\/span><\/p>[\/et_pb_text][et_pb_text _builder_version=\u00bb4.9.2&#8243; _module_preset=\u00bbdefault\u00bb text_font=\u00bbOpen Sans|600|||||||\u00bb custom_margin=\u00bb29px|||||\u00bb]<p><span style=\"color: #333333;\">En ese contexto, la C\u00e1mara Chilena de la Construcci\u00f3n inst\u00f3 a las empresas del rubro a compartir buenas pr\u00e1cticas a trav\u00e9s de su portal , y reconoci\u00f3 a Bravo Izquierdo en dos buenas pr\u00e1cticas: el webinar asociado al liderazgo y la auditor\u00eda interna Covid a la implementaci\u00f3n de medidas de control del coronavirus del sistema de gesti\u00f3n, siendo galardonados en dos de las reglas de oro del premio anual que otorga esta asociaci\u00f3n gremial.<\/span><\/p>\n<p><span style=\"color: #333333;\">\u201cNosotros no nos esper\u00e1bamos este reconocimiento y el impacto que genera lo que hemos hecho, pero sin duda yo creo que ha sido una gran responsabilidad y as\u00ed lo asumimos, porque de nosotros depend\u00eda que otras empresas pudieran aperturar, que se empezaran a generar actividades para volver a trabajar. Cuando entramos en cuarentena sab\u00edamos que la cosa se ven\u00eda dif\u00edcil, pero siempre pensamos en c\u00f3mo volver y en las estrategias que tendr\u00edamos que utilizar para lograrlo en forma segura, con especial \u00e9nfasis en los cambios conductuales que necesit\u00e1bamos incorporar\u201d, explica.<\/span><\/p>\n<p><span style=\"color: #333333;\">Los resultados fueron tan buenos que la Asociaci\u00f3n Chilena de Seguridad (AChS) premi\u00f3 a la empresa y a la obra Connection por haber sido parte de este proyecto piloto del Estado, de la reintegraci\u00f3n laboral del rubro de la construcci\u00f3n, como comenta Nelson Torres, Jefe de Prevenci\u00f3n de Riesgos de la empresa. \u201cDesarrollamos inmediatamente una auditoria interna para verificar estas nuevas exigencias del Ministerio de Salud y la incorporamos a nuestro sistema de gesti\u00f3n de seguridad y salud en el trabajo. Durante el periodo del Plan Piloto, la obra fue monitoreada por la CChC a trav\u00e9s de la mutual de Seguridad y tambi\u00e9n por nuestro organismo administrador ACHS que parti\u00f3 el 10 de agosto.<\/span><\/p>[\/et_pb_text][\/et_pb_column][\/et_pb_row][et_pb_row _builder_version=\u00bb4.9.2&#8243; _module_preset=\u00bbdefault\u00bb][et_pb_column type=\u00bb4_4&#8243; _builder_version=\u00bb4.9.2&#8243; _module_preset=\u00bbdefault\u00bb][et_pb_image src=\u00bbhttps:\/\/bravoizquierdo.cl\/temp\/wp-content\/uploads\/2021\/04\/noticia1.3.jpg\u00bb title_text=\u00bbnoticia1.3&#8243; _builder_version=\u00bb4.9.2&#8243; _module_preset=\u00bbdefault\u00bb][\/et_pb_image][et_pb_text _builder_version=\u00bb4.9.2&#8243; _module_preset=\u00bbdefault\u00bb text_font=\u00bbOpen Sans|600|||||||\u00bb custom_margin=\u00bb29px|||||\u00bb]<p><span style=\"color: #333333;\">En ese recorrido hicimos un webinar como preparaci\u00f3n para volver, en el cual explic\u00e1bamos c\u00f3mo ten\u00edamos que enfrentar este nuevo retorno, el que implicaba un cambio conductual en todos nosotros. Ten\u00edamos que generar en las personas cultura de seguridad y que esto quedara instalado en la organizaci\u00f3n\u201d, comenta.<\/span><\/p>\n<p><span style=\"color: #333333;\">Los profesionales del equipo de prevenci\u00f3n de riesgos tuvieron que reinventarse desde el miedo y las nuevas exigencias ministeriales. \u201c\u00a1Finalmente estudiamos y nos preparamos profesionalmente para este momento! Aqu\u00ed es cuando ten\u00edamos que mostrar la tremenda importancia de nuestra labor. Cuando vas a una obra, t\u00fa ves las cosas que te pueden pasar, por ejemplo, ves que hay algo que te puede caer desde arriba; si falta una barrera, ves que te puedes caer si est\u00e1s empleando incorrectamente un elemento de protecci\u00f3n personal como un arn\u00e9s de seguridad; pero en este caso es algo que t\u00fa no ves, entonces ante la incertidumbre el riesgo asusta, y eso fue justamente lo primero que tuvimos que combatir: el miedo, y al mismo tiempo, dar se\u00f1ales de que las obras de construcci\u00f3n son un lugar seguro para volver a trabajar en tiempos de Covid, pues hay planes y medidas de control de los riesgos de accidentes y enfermedades en el trabajo\u201d, destaca Torres.<\/span><\/p>\n<p><span style=\"color: #333333;\"><em>En el proceso de crear los protocolos necesarios para un retorno seguro, extremaron las medidas de precauci\u00f3n, entregando los mejores implementos, adem\u00e1s de informaci\u00f3n clara y oportuna a todos los trabajadores de los riesgos de exposici\u00f3n a Covid-19 a trav\u00e9s de una serie web que se llama \u201cLos Carre\u00f1o\u201d, cuyo fin es ayudar a cambiar las conductas de manera entretenida. \u201cLa idea era usar el humor para que las personas pudieran internalizar estos cambios conductuales a trav\u00e9s de 11 videos que tienen que ver con la forma de volver. Ten\u00edamos que contactarnos con los trabajadores de alguna forma. Muchos de ellos no son buenos para leer, y adem\u00e1s los nuevos protocolos incluyen evitar las aglomeraciones en capacitaciones integrales, as\u00ed es que se nos ocurri\u00f3 utilizar el Whatsapp para poder comunicarnos e informar por esta plataforma acerca de temas tan importantes como la toma de los pcr, el salvoconducto para poder trabajar de lunes a viernes, etc., en resumen, es un manual de autocuidado de cosas que tienes que incorporar en tu vida diaria. Los d\u00edas domingo en la tarde enviamos un nuevo cap\u00edtulo para que lo vean en familia y, al mismo tiempo, dar una especie de bienvenida a la semana siguiente de trabajo, con las nuevas medidas de Covid que hay que implementar\u201d, destaca. Este material adem\u00e1s lo comparten a trav\u00e9s de su cuenta de Linkedin y se lo env\u00edan a otras constructoras, actualizando el \u201cManual de Carre\u00f1o\u201d con las nuevas costumbres que son fundamentales durante este periodo de pandemia. Es importante destacar, que adem\u00e1s se activaron nuevamente los operativos de salud en obra para controlar enfermedades de base apoyadas por el \u00e1rea de Bienestar Corporativo.<\/em><\/span><\/p>\n<p><span style=\"color: #333333;\">Todas estas acciones los han posicionado como l\u00edderes en el rubro de la construcci\u00f3n, preocup\u00e1ndose adem\u00e1s de mantener informados en forma permanente a trav\u00e9s de sus distintos canales, tanto a los trabajadores, como a sus familias, acerca de los protocolos para volver a trabajar en forma segura, generando mejores est\u00e1ndares de control de salud.<\/span><\/p>[\/et_pb_text][\/et_pb_column][\/et_pb_row][\/et_pb_section]\n","protected":false},"excerpt":{"rendered":"<p>La seguridad en obras: el plan de Bravo Izquierdo para mitigar el Covid Todos los lugares de trabajo hoy requieren de un grado de seguridad adicional debido a la pandemia que desde marzo de este a\u00f1o ha estado presente en nuestro pa\u00eds, y esto cobra especial relevancia en las obras, ya que es un rubro [&hellip;]<\/p>\n","protected":false},"author":2,"featured_media":1150,"comment_status":"open","ping_status":"open","sticky":false,"template":"","format":"standard","meta":{"_et_pb_use_builder":"on","_et_pb_old_content":"","_et_gb_content_width":"","footnotes":""},"categories":[15],"tags":[],"class_list":["post-1147","post","type-post","status-publish","format-standard","has-post-thumbnail","hentry","category-noticias"],"_links":{"self":[{"href":"https:\/\/bravoizquierdo.cl\/temp\/wp-json\/wp\/v2\/posts\/1147","targetHints":{"allow":["GET"]}}],"collection":[{"href":"https:\/\/bravoizquierdo.cl\/temp\/wp-json\/wp\/v2\/posts"}],"about":[{"href":"https:\/\/bravoizquierdo.cl\/temp\/wp-json\/wp\/v2\/types\/post"}],"author":[{"embeddable":true,"href":"https:\/\/bravoizquierdo.cl\/temp\/wp-json\/wp\/v2\/users\/2"}],"replies":[{"embeddable":true,"href":"https:\/\/bravoizquierdo.cl\/temp\/wp-json\/wp\/v2\/comments?post=1147"}],"version-history":[{"count":6,"href":"https:\/\/bravoizquierdo.cl\/temp\/wp-json\/wp\/v2\/posts\/1147\/revisions"}],"predecessor-version":[{"id":1219,"href":"https:\/\/bravoizquierdo.cl\/temp\/wp-json\/wp\/v2\/posts\/1147\/revisions\/1219"}],"wp:featuredmedia":[{"embeddable":true,"href":"https:\/\/bravoizquierdo.cl\/temp\/wp-json\/wp\/v2\/media\/1150"}],"wp:attachment":[{"href":"https:\/\/bravoizquierdo.cl\/temp\/wp-json\/wp\/v2\/media?parent=1147"}],"wp:term":[{"taxonomy":"category","embeddable":true,"href":"https:\/\/bravoizquierdo.cl\/temp\/wp-json\/wp\/v2\/categories?post=1147"},{"taxonomy":"post_tag","embeddable":true,"href":"https:\/\/bravoizquierdo.cl\/temp\/wp-json\/wp\/v2\/tags?post=1147"}],"curies":[{"name":"wp","href":"https:\/\/api.w.org\/{rel}","templated":true}]}}